{"id":170,"date":"2021-01-19T09:12:53","date_gmt":"2021-01-19T13:12:53","guid":{"rendered":"https:\/\/accionclimaticaplaca.org\/should-startups-care-about-profitability\/"},"modified":"2022-06-16T11:08:19","modified_gmt":"2022-06-16T15:08:19","slug":"should-startups-care-about-profitability","status":"publish","type":"post","link":"https:\/\/accionclimaticaplaca.org\/es\/should-startups-care-about-profitability\/","title":{"rendered":"La Plataforma de Acci\u00f3n Clim\u00e1tica reactiv\u00f3 su agenda 2021"},"content":{"rendered":"<p><strong>19 de enero de 2021-<\/strong>\u00a0La Plataforma de Acci\u00f3n Clim\u00e1tica (PLACA) \u2013una iniciativa regional que busca generar un espacio para coordinar y potenciar la acci\u00f3n clim\u00e1tica en la agricultura, haciendo frente al cambio clim\u00e1tico\u2013 dio inicio al funcionamiento de sus grupos de trabajo, con reuniones t\u00e9cnicas en materia de investigaci\u00f3n, pol\u00edticas p\u00fablicas, transferencia y buenas pr\u00e1cticas, y adaptaci\u00f3n y mitigaci\u00f3n.<\/p>\n<p>Este proceso culminar\u00e1 en febrero con planes de trabajo anuales para cada uno de los grupos de PLACA.<\/p>\n<p>PLACA re\u00fane a representantes de los ministerios de agricultura de Argentina, Bahamas, Brasil, Chile, Costa Rica,Guatemala, M\u00e9xico, Per\u00fa, Uruguay y de Rep\u00fablica Dominicana, para dar apoyo a estrategias nacionales y regionales, relacionadas a la acci\u00f3n clim\u00e1tica en la agricultura. FAO y CEPAL llevan adelante la secretar\u00eda.<\/p>\n<p>La Plataforma considera las dimensiones sociales, ambientales y econ\u00f3micas para buscar sinergias entre la iniciativa y las grandes convenciones ambientales, tales como la de Cambio Clim\u00e1tico, la Agenda 2030, el Marco de Sendai para la Reducci\u00f3n del Riesgo de Desastres 2015-2030, y las convenciones de Diversidad Biol\u00f3gica y de Lucha contra la Desertificaci\u00f3n y la Sequ\u00eda.<\/p>\n<p><strong>Principales \u00e9nfasis para 2021<\/strong><\/p>\n<p>Entre los principales resultados de las reuniones t\u00e9cnicas de los grupos de trabajo tem\u00e1ticos, destac\u00f3 la importancia de levantar indicadores, basados en investigaci\u00f3n y desarrollo, para caracterizar los beneficios e impulsar innovaciones concretas en Am\u00e9rica Latina y El Caribe.<\/p>\n<p>Los participantes se comprometieron a trabajar de forma coordinada para proponer actividades concretas que promuevan la coordinaci\u00f3n regional y la colaboraci\u00f3n entre pa\u00edses, en los distintos temas relacionados a agricultura y cambio clim\u00e1tico.<\/p>\n<blockquote><p>\u201cLa idea es que podamos apoyar el escalamiento de iniciativas de acci\u00f3n clim\u00e1tica de inter\u00e9s nacional y regional, asegur\u00e1ndonos de que eso llegue a las personas, al peque\u00f1o productor\u00bb, dijo Angelina Espinoza, presidenta de PLACA y especialista de cambio clim\u00e1tico de la Oficina de Estudios y Pol\u00edticas Agrarias de Chile\u201d<\/p><\/blockquote>\n<p><strong>M\u00e1s sobre PLACA<\/strong><\/p>\n<p>La Plataforma de Acci\u00f3n Clim\u00e1tica en Agricultura de Latinoam\u00e9rica y El Caribe, fue lanzada el 2019, en el marco de la COP25. Es un mecanismo regional de colaboraci\u00f3n voluntaria en agricultura y cambio clim\u00e1tico, orientado a un desarrollo agropecuario productivo, adaptado a los efectos del cambio clim\u00e1tico, resiliente y bajo en emisiones de gases de efecto invernadero.<\/p>\n<p>Busca generar un espacio regional de intercambio en: conocimientos, tecnolog\u00edas, y pr\u00e1cticas de colaboraci\u00f3n en agricultura, para apoyar la implementaci\u00f3n de pol\u00edticas dom\u00e9sticas para el cambio clim\u00e1tico.<\/p>\n<p>Adem\u00e1s de contar con los 10 pa\u00edses miembros mencionados, tiene seis organizaciones\u00a0 asociadas: el Banco Mundial; Conservaci\u00f3n Internacional; el Programa de Investigaci\u00f3n de CGIAR en Cambio Clim\u00e1tico, Agricultura y Seguridad Alimentaria (CCAFS); la Alianza Global para la Agricultura Clim\u00e1ticamente Inteligente (GACSA); el Instituto de Recursos Naturales de Finlandia (LUKE), y la Organizaci\u00f3n Meteorol\u00f3gica Mundial.<\/p>\n","protected":false},"excerpt":{"rendered":"<p>La plataforma, que busca generar un espacio regional para potenciar la acci\u00f3n clim\u00e1tica en la agricultura, dio inicio al funcionamiento de sus grupos de trabajo tem\u00e1ticos.<\/p>\n","protected":false},"author":1,"featured_media":5608,"comment_status":"closed","ping_status":"open","sticky":false,"template":"","format":"standard","meta":{"_monsterinsights_skip_tracking":false,"_monsterinsights_sitenote_active":false,"_monsterinsights_sitenote_note":"","_monsterinsights_sitenote_category":0,"footnotes":""},"categories":[1],"tags":[89,90,91],"class_list":["post-170","post","type-post","status-publish","format-standard","has-post-thumbnail","hentry","category-noticias","tag-directory","tag-listing","tag-theme"],"yoast_head":"<!-- This site is optimized with the Yoast SEO plugin v27.3 - https:\/\/yoast.com\/product\/yoast-seo-wordpress\/ -->\n<title>La Plataforma de Acci\u00f3n Clim\u00e1tica reactiv\u00f3 su agenda 2021 - Plataforma de Acci\u00f3n Clim\u00e1tica PLACA<\/title>\n<meta name=\"robots\" content=\"index, follow, max-snippet:-1, max-image-preview:large, max-video-preview:-1\" \/>\n<link rel=\"canonical\" href=\"https:\/\/accionclimaticaplaca.org\/es\/should-startups-care-about-profitability\/\" \/>\n<meta property=\"og:locale\" content=\"es_ES\" \/>\n<meta property=\"og:type\" content=\"article\" \/>\n<meta property=\"og:title\" content=\"La Plataforma de Acci\u00f3n Clim\u00e1tica reactiv\u00f3 su agenda 2021 - Plataforma de Acci\u00f3n Clim\u00e1tica PLACA\" \/>\n<meta property=\"og:description\" content=\"La plataforma, que busca generar un espacio regional para potenciar la acci\u00f3n clim\u00e1tica en la agricultura, dio inicio al funcionamiento de sus grupos de trabajo tem\u00e1ticos.\" \/>\n<meta property=\"og:url\" content=\"https:\/\/accionclimaticaplaca.org\/es\/should-startups-care-about-profitability\/\" \/>\n<meta property=\"og:site_name\" content=\"Plataforma de Acci\u00f3n Clim\u00e1tica PLACA\" \/>\n<meta property=\"article:published_time\" content=\"2021-01-19T13:12:53+00:00\" \/>\n<meta property=\"article:modified_time\" content=\"2022-06-16T15:08:19+00:00\" \/>\n<meta property=\"og:image\" content=\"https:\/\/accionclimaticaplaca.org\/wp-content\/uploads\/2021\/07\/51369421927_0817c785ed_o-scaled.jpg\" \/>\n\t<meta property=\"og:image:width\" content=\"2560\" \/>\n\t<meta property=\"og:image:height\" content=\"1668\" \/>\n\t<meta property=\"og:image:type\" content=\"image\/jpeg\" \/>\n<meta name=\"author\" content=\"administrador\" \/>\n<meta name=\"twitter:card\" content=\"summary_large_image\" \/>\n<meta name=\"twitter:label1\" content=\"Escrito por\" \/>\n\t<meta name=\"twitter:data1\" content=\"administrador\" \/>\n\t<meta name=\"twitter:label2\" content=\"Tiempo de lectura\" \/>\n\t<meta name=\"twitter:data2\" content=\"3 minutos\" \/>\n<script type=\"application\/ld+json\" class=\"yoast-schema-graph\">{\"@context\":\"https:\\\/\\\/schema.org\",\"@graph\":[{\"@type\":\"Article\",\"@id\":\"https:\\\/\\\/accionclimaticaplaca.org\\\/should-startups-care-about-profitability\\\/#article\",\"isPartOf\":{\"@id\":\"https:\\\/\\\/accionclimaticaplaca.org\\\/should-startups-care-about-profitability\\\/\"},\"author\":{\"name\":\"administrador\",\"@id\":\"https:\\\/\\\/accionclimaticaplaca.org\\\/#\\\/schema\\\/person\\\/f9989a91b984900fc493827d0b65f23f\"},\"headline\":\"La Plataforma de Acci\u00f3n Clim\u00e1tica reactiv\u00f3 su agenda 2021\",\"datePublished\":\"2021-01-19T13:12:53+00:00\",\"dateModified\":\"2022-06-16T15:08:19+00:00\",\"mainEntityOfPage\":{\"@id\":\"https:\\\/\\\/accionclimaticaplaca.org\\\/should-startups-care-about-profitability\\\/\"},\"wordCount\":514,\"publisher\":{\"@id\":\"https:\\\/\\\/accionclimaticaplaca.org\\\/#organization\"},\"image\":{\"@id\":\"https:\\\/\\\/accionclimaticaplaca.org\\\/should-startups-care-about-profitability\\\/#primaryimage\"},\"thumbnailUrl\":\"https:\\\/\\\/accionclimaticaplaca.org\\\/wp-content\\\/uploads\\\/2021\\\/07\\\/51369421927_0817c785ed_o-scaled.jpg\",\"keywords\":[\"directory\",\"listing\",\"theme\"],\"articleSection\":[\"Noticias\"],\"inLanguage\":\"es\"},{\"@type\":\"WebPage\",\"@id\":\"https:\\\/\\\/accionclimaticaplaca.org\\\/should-startups-care-about-profitability\\\/\",\"url\":\"https:\\\/\\\/accionclimaticaplaca.org\\\/should-startups-care-about-profitability\\\/\",\"name\":\"La Plataforma de Acci\u00f3n Clim\u00e1tica reactiv\u00f3 su agenda 2021 - Plataforma de Acci\u00f3n Clim\u00e1tica PLACA\",\"isPartOf\":{\"@id\":\"https:\\\/\\\/accionclimaticaplaca.org\\\/#website\"},\"primaryImageOfPage\":{\"@id\":\"https:\\\/\\\/accionclimaticaplaca.org\\\/should-startups-care-about-profitability\\\/#primaryimage\"},\"image\":{\"@id\":\"https:\\\/\\\/accionclimaticaplaca.org\\\/should-startups-care-about-profitability\\\/#primaryimage\"},\"thumbnailUrl\":\"https:\\\/\\\/accionclimaticaplaca.org\\\/wp-content\\\/uploads\\\/2021\\\/07\\\/51369421927_0817c785ed_o-scaled.jpg\",\"datePublished\":\"2021-01-19T13:12:53+00:00\",\"dateModified\":\"2022-06-16T15:08:19+00:00\",\"breadcrumb\":{\"@id\":\"https:\\\/\\\/accionclimaticaplaca.org\\\/should-startups-care-about-profitability\\\/#breadcrumb\"},\"inLanguage\":\"es\",\"potentialAction\":[{\"@type\":\"ReadAction\",\"target\":[\"https:\\\/\\\/accionclimaticaplaca.org\\\/should-startups-care-about-profitability\\\/\"]}]},{\"@type\":\"ImageObject\",\"inLanguage\":\"es\",\"@id\":\"https:\\\/\\\/accionclimaticaplaca.org\\\/should-startups-care-about-profitability\\\/#primaryimage\",\"url\":\"https:\\\/\\\/accionclimaticaplaca.org\\\/wp-content\\\/uploads\\\/2021\\\/07\\\/51369421927_0817c785ed_o-scaled.jpg\",\"contentUrl\":\"https:\\\/\\\/accionclimaticaplaca.org\\\/wp-content\\\/uploads\\\/2021\\\/07\\\/51369421927_0817c785ed_o-scaled.jpg\",\"width\":2560,\"height\":1668,\"caption\":\"18 June 2006, New Hampshire - FAO project beneficiary Ken Campbell irrigating the seeds and seedlings in his nursery.&#xA;&#xA;FAO Project - TCP\\\/GRN\\\/3003: Emergency assistance to farmers and fisherfolk affected by Hurricane Ivan. The main objective of the project is to assist the Government of Grenada in its programme of post disaster relief addressing the needs of the most vulnerable groups of the populations affected by the Hurricane Ivan to resume household gardening for family consumption and fishery production activities. The immediate objectives of the project are:&#xA; * To provide 2 500 small-scale fishermen with fishery material, light equipment and tools to repair boats and restart fishing activities;&#xA; * To provide 2 000 small-scale farming households, with seeds and tools needed for the resumption of household gardening and small-scale agricultural production.&#xA;Assistance will be limited to farmers with less than five acres of land, who derive most of their income from farming and to fishermen that have been severely affected by the hurricane.\"},{\"@type\":\"BreadcrumbList\",\"@id\":\"https:\\\/\\\/accionclimaticaplaca.org\\\/should-startups-care-about-profitability\\\/#breadcrumb\",\"itemListElement\":[{\"@type\":\"ListItem\",\"position\":1,\"name\":\"Portada\",\"item\":\"https:\\\/\\\/accionclimaticaplaca.org\\\/\"},{\"@type\":\"ListItem\",\"position\":2,\"name\":\"La Plataforma de Acci\u00f3n Clim\u00e1tica reactiv\u00f3 su agenda 2021\"}]},{\"@type\":\"WebSite\",\"@id\":\"https:\\\/\\\/accionclimaticaplaca.org\\\/#website\",\"url\":\"https:\\\/\\\/accionclimaticaplaca.org\\\/\",\"name\":\"Plataforma de Acci\u00f3n Clim\u00e1tica PLACA\",\"description\":\"Plataforma de Acci\u00f3n Clim\u00e1tica en Agricultura de Latinoam\u00e9rica y El Caribe\",\"publisher\":{\"@id\":\"https:\\\/\\\/accionclimaticaplaca.org\\\/#organization\"},\"potentialAction\":[{\"@type\":\"SearchAction\",\"target\":{\"@type\":\"EntryPoint\",\"urlTemplate\":\"https:\\\/\\\/accionclimaticaplaca.org\\\/?s={search_term_string}\"},\"query-input\":{\"@type\":\"PropertyValueSpecification\",\"valueRequired\":true,\"valueName\":\"search_term_string\"}}],\"inLanguage\":\"es\"},{\"@type\":\"Organization\",\"@id\":\"https:\\\/\\\/accionclimaticaplaca.org\\\/#organization\",\"name\":\"Food and Agriculture Organization\",\"url\":\"https:\\\/\\\/accionclimaticaplaca.org\\\/\",\"logo\":{\"@type\":\"ImageObject\",\"inLanguage\":\"es\",\"@id\":\"https:\\\/\\\/accionclimaticaplaca.org\\\/#\\\/schema\\\/logo\\\/image\\\/\",\"url\":\"https:\\\/\\\/accionclimaticaplaca.org\\\/wp-content\\\/uploads\\\/2021\\\/11\\\/gif_placa_esp.gif\",\"contentUrl\":\"https:\\\/\\\/accionclimaticaplaca.org\\\/wp-content\\\/uploads\\\/2021\\\/11\\\/gif_placa_esp.gif\",\"width\":1000,\"height\":1000,\"caption\":\"Food and Agriculture Organization\"},\"image\":{\"@id\":\"https:\\\/\\\/accionclimaticaplaca.org\\\/#\\\/schema\\\/logo\\\/image\\\/\"}},{\"@type\":\"Person\",\"@id\":\"https:\\\/\\\/accionclimaticaplaca.org\\\/#\\\/schema\\\/person\\\/f9989a91b984900fc493827d0b65f23f\",\"name\":\"administrador\",\"sameAs\":[\"https:\\\/\\\/accionclimaticaplaca.org\"],\"url\":\"https:\\\/\\\/accionclimaticaplaca.org\\\/es\\\/author\\\/desarrollo_bmo5j5\\\/\"}]}<\/script>\n<!-- \/ Yoast SEO plugin. -->","yoast_head_json":{"title":"La Plataforma de Acci\u00f3n Clim\u00e1tica reactiv\u00f3 su agenda 2021 - Plataforma de Acci\u00f3n Clim\u00e1tica PLACA","robots":{"index":"index","follow":"follow","max-snippet":"max-snippet:-1","max-image-preview":"max-image-preview:large","max-video-preview":"max-video-preview:-1"},"canonical":"https:\/\/accionclimaticaplaca.org\/es\/should-startups-care-about-profitability\/","og_locale":"es_ES","og_type":"article","og_title":"La Plataforma de Acci\u00f3n Clim\u00e1tica reactiv\u00f3 su agenda 2021 - Plataforma de Acci\u00f3n Clim\u00e1tica PLACA","og_description":"La plataforma, que busca generar un espacio regional para potenciar la acci\u00f3n clim\u00e1tica en la agricultura, dio inicio al funcionamiento de sus grupos de trabajo tem\u00e1ticos.","og_url":"https:\/\/accionclimaticaplaca.org\/es\/should-startups-care-about-profitability\/","og_site_name":"Plataforma de Acci\u00f3n Clim\u00e1tica PLACA","article_published_time":"2021-01-19T13:12:53+00:00","article_modified_time":"2022-06-16T15:08:19+00:00","og_image":[{"width":2560,"height":1668,"url":"https:\/\/accionclimaticaplaca.org\/wp-content\/uploads\/2021\/07\/51369421927_0817c785ed_o-scaled.jpg","type":"image\/jpeg"}],"author":"administrador","twitter_card":"summary_large_image","twitter_misc":{"Escrito por":"administrador","Tiempo de lectura":"3 minutos"},"schema":{"@context":"https:\/\/schema.org","@graph":[{"@type":"Article","@id":"https:\/\/accionclimaticaplaca.org\/should-startups-care-about-profitability\/#article","isPartOf":{"@id":"https:\/\/accionclimaticaplaca.org\/should-startups-care-about-profitability\/"},"author":{"name":"administrador","@id":"https:\/\/accionclimaticaplaca.org\/#\/schema\/person\/f9989a91b984900fc493827d0b65f23f"},"headline":"La Plataforma de Acci\u00f3n Clim\u00e1tica reactiv\u00f3 su agenda 2021","datePublished":"2021-01-19T13:12:53+00:00","dateModified":"2022-06-16T15:08:19+00:00","mainEntityOfPage":{"@id":"https:\/\/accionclimaticaplaca.org\/should-startups-care-about-profitability\/"},"wordCount":514,"publisher":{"@id":"https:\/\/accionclimaticaplaca.org\/#organization"},"image":{"@id":"https:\/\/accionclimaticaplaca.org\/should-startups-care-about-profitability\/#primaryimage"},"thumbnailUrl":"https:\/\/accionclimaticaplaca.org\/wp-content\/uploads\/2021\/07\/51369421927_0817c785ed_o-scaled.jpg","keywords":["directory","listing","theme"],"articleSection":["Noticias"],"inLanguage":"es"},{"@type":"WebPage","@id":"https:\/\/accionclimaticaplaca.org\/should-startups-care-about-profitability\/","url":"https:\/\/accionclimaticaplaca.org\/should-startups-care-about-profitability\/","name":"La Plataforma de Acci\u00f3n Clim\u00e1tica reactiv\u00f3 su agenda 2021 - Plataforma de Acci\u00f3n Clim\u00e1tica PLACA","isPartOf":{"@id":"https:\/\/accionclimaticaplaca.org\/#website"},"primaryImageOfPage":{"@id":"https:\/\/accionclimaticaplaca.org\/should-startups-care-about-profitability\/#primaryimage"},"image":{"@id":"https:\/\/accionclimaticaplaca.org\/should-startups-care-about-profitability\/#primaryimage"},"thumbnailUrl":"https:\/\/accionclimaticaplaca.org\/wp-content\/uploads\/2021\/07\/51369421927_0817c785ed_o-scaled.jpg","datePublished":"2021-01-19T13:12:53+00:00","dateModified":"2022-06-16T15:08:19+00:00","breadcrumb":{"@id":"https:\/\/accionclimaticaplaca.org\/should-startups-care-about-profitability\/#breadcrumb"},"inLanguage":"es","potentialAction":[{"@type":"ReadAction","target":["https:\/\/accionclimaticaplaca.org\/should-startups-care-about-profitability\/"]}]},{"@type":"ImageObject","inLanguage":"es","@id":"https:\/\/accionclimaticaplaca.org\/should-startups-care-about-profitability\/#primaryimage","url":"https:\/\/accionclimaticaplaca.org\/wp-content\/uploads\/2021\/07\/51369421927_0817c785ed_o-scaled.jpg","contentUrl":"https:\/\/accionclimaticaplaca.org\/wp-content\/uploads\/2021\/07\/51369421927_0817c785ed_o-scaled.jpg","width":2560,"height":1668,"caption":"18 June 2006, New Hampshire - FAO project beneficiary Ken Campbell irrigating the seeds and seedlings in his nursery.&#xA;&#xA;FAO Project - TCP\/GRN\/3003: Emergency assistance to farmers and fisherfolk affected by Hurricane Ivan. The main objective of the project is to assist the Government of Grenada in its programme of post disaster relief addressing the needs of the most vulnerable groups of the populations affected by the Hurricane Ivan to resume household gardening for family consumption and fishery production activities. The immediate objectives of the project are:&#xA; * To provide 2 500 small-scale fishermen with fishery material, light equipment and tools to repair boats and restart fishing activities;&#xA; * To provide 2 000 small-scale farming households, with seeds and tools needed for the resumption of household gardening and small-scale agricultural production.&#xA;Assistance will be limited to farmers with less than five acres of land, who derive most of their income from farming and to fishermen that have been severely affected by the hurricane."},{"@type":"BreadcrumbList","@id":"https:\/\/accionclimaticaplaca.org\/should-startups-care-about-profitability\/#breadcrumb","itemListElement":[{"@type":"ListItem","position":1,"name":"Portada","item":"https:\/\/accionclimaticaplaca.org\/"},{"@type":"ListItem","position":2,"name":"La Plataforma de Acci\u00f3n Clim\u00e1tica reactiv\u00f3 su agenda 2021"}]},{"@type":"WebSite","@id":"https:\/\/accionclimaticaplaca.org\/#website","url":"https:\/\/accionclimaticaplaca.org\/","name":"Plataforma de Acci\u00f3n Clim\u00e1tica PLACA","description":"Plataforma de Acci\u00f3n Clim\u00e1tica en Agricultura de Latinoam\u00e9rica y El Caribe","publisher":{"@id":"https:\/\/accionclimaticaplaca.org\/#organization"},"potentialAction":[{"@type":"SearchAction","target":{"@type":"EntryPoint","urlTemplate":"https:\/\/accionclimaticaplaca.org\/?s={search_term_string}"},"query-input":{"@type":"PropertyValueSpecification","valueRequired":true,"valueName":"search_term_string"}}],"inLanguage":"es"},{"@type":"Organization","@id":"https:\/\/accionclimaticaplaca.org\/#organization","name":"Food and Agriculture Organization","url":"https:\/\/accionclimaticaplaca.org\/","logo":{"@type":"ImageObject","inLanguage":"es","@id":"https:\/\/accionclimaticaplaca.org\/#\/schema\/logo\/image\/","url":"https:\/\/accionclimaticaplaca.org\/wp-content\/uploads\/2021\/11\/gif_placa_esp.gif","contentUrl":"https:\/\/accionclimaticaplaca.org\/wp-content\/uploads\/2021\/11\/gif_placa_esp.gif","width":1000,"height":1000,"caption":"Food and Agriculture Organization"},"image":{"@id":"https:\/\/accionclimaticaplaca.org\/#\/schema\/logo\/image\/"}},{"@type":"Person","@id":"https:\/\/accionclimaticaplaca.org\/#\/schema\/person\/f9989a91b984900fc493827d0b65f23f","name":"administrador","sameAs":["https:\/\/accionclimaticaplaca.org"],"url":"https:\/\/accionclimaticaplaca.org\/es\/author\/desarrollo_bmo5j5\/"}]}},"_links":{"self":[{"href":"https:\/\/accionclimaticaplaca.org\/es\/wp-json\/wp\/v2\/posts\/170","targetHints":{"allow":["GET"]}}],"collection":[{"href":"https:\/\/accionclimaticaplaca.org\/es\/wp-json\/wp\/v2\/posts"}],"about":[{"href":"https:\/\/accionclimaticaplaca.org\/es\/wp-json\/wp\/v2\/types\/post"}],"author":[{"embeddable":true,"href":"https:\/\/accionclimaticaplaca.org\/es\/wp-json\/wp\/v2\/users\/1"}],"replies":[{"embeddable":true,"href":"https:\/\/accionclimaticaplaca.org\/es\/wp-json\/wp\/v2\/comments?post=170"}],"version-history":[{"count":3,"href":"https:\/\/accionclimaticaplaca.org\/es\/wp-json\/wp\/v2\/posts\/170\/revisions"}],"predecessor-version":[{"id":10210,"href":"https:\/\/accionclimaticaplaca.org\/es\/wp-json\/wp\/v2\/posts\/170\/revisions\/10210"}],"wp:featuredmedia":[{"embeddable":true,"href":"https:\/\/accionclimaticaplaca.org\/es\/wp-json\/wp\/v2\/media\/5608"}],"wp:attachment":[{"href":"https:\/\/accionclimaticaplaca.org\/es\/wp-json\/wp\/v2\/media?parent=170"}],"wp:term":[{"taxonomy":"category","embeddable":true,"href":"https:\/\/accionclimaticaplaca.org\/es\/wp-json\/wp\/v2\/categories?post=170"},{"taxonomy":"post_tag","embeddable":true,"href":"https:\/\/accionclimaticaplaca.org\/es\/wp-json\/wp\/v2\/tags?post=170"}],"curies":[{"name":"wp","href":"https:\/\/api.w.org\/{rel}","templated":true}]}}