{"id":9652,"date":"2024-05-08T20:54:17","date_gmt":"2024-05-09T00:54:17","guid":{"rendered":"https:\/\/accionclimaticaplaca.org\/?p=9652"},"modified":"2024-06-06T22:47:18","modified_gmt":"2024-06-07T02:47:18","slug":"sesiones-tematicas-placa-2024","status":"publish","type":"post","link":"https:\/\/accionclimaticaplaca.org\/en\/sesiones-tematicas-placa-2024\/","title":{"rendered":"Platform for Climate Action in Agriculture announces agenda of thematic sessions for the first half of 2024"},"content":{"rendered":"<div data-elementor-type=\"wp-post\" data-elementor-id=\"9652\" class=\"elementor elementor-9652\" data-elementor-settings=\"{&quot;ha_cmc_init_switcher&quot;:&quot;no&quot;}\">\n\t\t\t\t\t\t<section class=\"elementor-section elementor-top-section elementor-element elementor-element-501f13b6 elementor-section-boxed elementor-section-height-default elementor-section-height-default\" data-id=\"501f13b6\" data-element_type=\"section\" data-settings=\"{&quot;_ha_eqh_enable&quot;:false}\">\n\t\t\t\t\t\t<div class=\"elementor-container elementor-column-gap-default\">\n\t\t\t\t\t<div class=\"elementor-column elementor-col-100 elementor-top-column elementor-element elementor-element-3546d12f\" data-id=\"3546d12f\" data-element_type=\"column\">\n\t\t\t<div class=\"elementor-widget-wrap elementor-element-populated\">\n\t\t\t\t\t\t<div class=\"elementor-element elementor-element-1488ae2 elementor-widget elementor-widget-text-editor\" data-id=\"1488ae2\" data-element_type=\"widget\" data-widget_type=\"text-editor.default\">\n\t\t\t\t<div class=\"elementor-widget-container\">\n\t\t\t\t\t\t\t<p><!-- wp:paragraph --><\/p>\n<p><em>Throughout the first half of 2024, PLACA will conduct four thematic sessions, through its four Thematic Working Groups.<\/em><\/p>\n<p>\u00a0<\/p>\n<p><b>07 de mayo de 2024.-<\/b><span style=\"font-weight: 400;\"> Al igual que en 2023, la Plataforma de Acci\u00f3n Clim\u00e1tica en Agricultura para Am\u00e9rica Latina y el Caribe (PLACA), llevar\u00e1 a cabo sesiones tem\u00e1ticas en las que abordar\u00e1 temas de inter\u00e9s de los pa\u00edses de la regi\u00f3n.<\/span><\/p>\n<p><strong>\u00bfQu\u00e9 es una sesi\u00f3n tem\u00e1tica?<\/strong><\/p>\n<p>Una Sesi\u00f3n Tem\u00e1tica es una actividad organizada por los Grupos de Trabajo Tem\u00e1ticos de PLACA donde se invita a un relevante experto a nivel regional a exponer sobre un tema de inter\u00e9s para el grupo que se encuentre alineado a los objetivos de la plataforma.<\/p>\n<p>Se trata de una charla virtual dirigida a profesionales t\u00e9cnicos en agricultura y\/o vinculados a asuntos de cambio clim\u00e1tico que busca fortalecer las capacidades de los servicios nacionales existentes. La din\u00e1mica de la actividad consta de una presentaci\u00f3n central y una ronda de preguntas de la audiencia conducida por un moderador. Posteriormente, se realiza un resumen t\u00e9cnico de la charla y se difunde a los participantes junto con la grabaci\u00f3n del evento. El material queda almacenado en el <a href=\"https:\/\/accionclimaticaplaca.org\/en\/eventos\/\" target=\"_blank\" rel=\"noopener\">sitio web de PLACA<\/a> donde puede ser consultado por cualquier interesado.<\/p>\n<p>\u00a0<\/p>\n<p><strong>Agenda de sesiones tem\u00e1ticas<\/strong><\/p>\n<p>Para el primer semestre de 2024, PLACA tiene planificadas cuatro sesiones tem\u00e1ticas, las cu\u00e1les ser\u00e1n llevadas a cabo por los GTTs de la plataforma. Puedes registrarte en cada sesi\u00f3n que te interese d\u00e1ndole clic al nombre de la misma.<\/p>\n<p>\u00a0<\/p>\n<table>\n<tbody>\n<tr>\n<td width=\"302\">\n<p><strong>Nombre de la sesi\u00f3n<\/strong><\/p>\n<\/td>\n<td width=\"113\">\n<p><strong>Organizado por<\/strong><\/p>\n<\/td>\n<td width=\"95\">\n<p><strong>Fecha<\/strong><\/p>\n<\/td>\n<td width=\"91\">\n<p><strong>Hora<\/strong><\/p>\n<\/td>\n<\/tr>\n<tr>\n<td width=\"302\">\n<p><a href=\"https:\/\/fao.zoom.us\/meeting\/register\/tJ0ld-mrqzIpH9Y6avt-zQLOMp-_4jGgJfU5\" target=\"_blank\" rel=\"noopener\">Di\u00e1logos de Pol\u00edtica P\u00fablica sobre mitigaci\u00f3n al Cambio Clim\u00e1tico en la Agricultura #1\u00a0<\/a>\u00a0\u00a0<\/p>\n<\/td>\n<td width=\"113\">\n<p>GTT2<\/p>\n<\/td>\n<td width=\"95\">\n<p>May 14, 2024<\/p>\n<\/td>\n<td width=\"91\">\n<p>12:00 Chile<\/p>\n<\/td>\n<\/tr>\n<tr>\n<td width=\"302\">\n<p><a href=\"https:\/\/fao.zoom.us\/meeting\/register\/tJcsdu2pqz4vEtPbZXxQa3XW6DrIDSsoFVP2\" target=\"_blank\" rel=\"noopener\">El rol de la tecnolog\u00eda y digitalizaci\u00f3n en la producci\u00f3n agr\u00edcola\u00a0<\/a><\/p>\n<\/td>\n<td width=\"113\">\n<p>GTT3<\/p>\n<\/td>\n<td width=\"95\">\n<p>23 de mayo<\/p>\n<\/td>\n<td width=\"91\">\n<p>12:00 Chile<\/p>\n<\/td>\n<\/tr>\n<tr>\n<td width=\"302\">\n<p><a href=\"https:\/\/fao.zoom.us\/meeting\/register\/tJMkc-qrrD0oE9Z9B3jDwxanpnfIpfwEu7bq\" target=\"_blank\" rel=\"noopener\">Experiencias exitosas de implementaci\u00f3n de medidas de adaptaci\u00f3n y mitigaci\u00f3n<\/a><\/p>\n<\/td>\n<td width=\"113\">\n<p>GTT1<\/p>\n<\/td>\n<td width=\"95\">\n<p>June 6th<\/p>\n<\/td>\n<td width=\"91\">\n<p>14:00 Chile<\/p>\n<\/td>\n<\/tr>\n<tr>\n<td width=\"302\">\n<p>Moving Towards Agroclimatic Resilience: Integrated Strategies for Water Efficient Management in the Caribbean<\/p>\n<\/td>\n<td width=\"113\">\n<p>GTT4<\/p>\n<\/td>\n<td width=\"95\">\n<p>02 de julio<\/p>\n<\/td>\n<td width=\"91\">\n<p>15:30 Chile<\/p>\n<\/td>\n<\/tr>\n<\/tbody>\n<\/table>\n<p>\u00a0<\/p>\n<p>Si tienes alguna consulta sobre estas sesiones tem\u00e1ticas, env\u00edanos un correo <a href=\"mailto:placa-secretariat@fao.org\" target=\"_blank\" rel=\"noopener\">placa-secretariat@fao.org<\/a><\/p>\n<p>\u00a0<\/p>\n<p><!-- \/wp:paragraph --><\/p>\t\t\t\t\t\t<\/div>\n\t\t\t\t<\/div>\n\t\t\t\t\t<\/div>\n\t\t<\/div>\n\t\t\t\t\t<\/div>\n\t\t<\/section>\n\t\t\t\t<\/div>","protected":false},"excerpt":{"rendered":"<p>Throughout the first half of 2024, PLACA will conduct four thematic sessions, through its four Thematic Working Groups.<\/p>","protected":false},"author":5,"featured_media":9658,"comment_status":"closed","ping_status":"open","sticky":false,"template":"","format":"standard","meta":{"_monsterinsights_skip_tracking":false,"_monsterinsights_sitenote_active":false,"_monsterinsights_sitenote_note":"","_monsterinsights_sitenote_category":0,"footnotes":""},"categories":[1],"tags":[],"class_list":["post-9652","post","type-post","status-publish","format-standard","has-post-thumbnail","hentry","category-noticias"],"yoast_head":"<!-- This site is optimized with the Yoast SEO plugin v27.3 - https:\/\/yoast.com\/product\/yoast-seo-wordpress\/ -->\n<title>Plataforma de Acci\u00f3n Clim\u00e1tica en Agricultura anuncia su agenda de sesiones tem\u00e1ticas para el primer semestre de 2024 - Plataforma de Acci\u00f3n Clim\u00e1tica PLACA<\/title>\n<meta name=\"description\" content=\"A lo largo del primer semestre de 2024, PLACA llevar\u00e1 a cabo cuatro sesiones tem\u00e1ticas, a trav\u00e9s de sus cuatro Grupos de Trabajo Tem\u00e1tico.\" \/>\n<meta name=\"robots\" content=\"index, follow, max-snippet:-1, max-image-preview:large, max-video-preview:-1\" \/>\n<link rel=\"canonical\" href=\"https:\/\/accionclimaticaplaca.org\/en\/sesiones-tematicas-placa-2024\/\" \/>\n<meta property=\"og:locale\" content=\"en_US\" \/>\n<meta property=\"og:type\" content=\"article\" \/>\n<meta property=\"og:title\" content=\"Plataforma de Acci\u00f3n Clim\u00e1tica en Agricultura anuncia su agenda de sesiones tem\u00e1ticas para el primer semestre de 2024 - Plataforma de Acci\u00f3n Clim\u00e1tica PLACA\" \/>\n<meta property=\"og:description\" content=\"A lo largo del primer semestre de 2024, PLACA llevar\u00e1 a cabo cuatro sesiones tem\u00e1ticas, a trav\u00e9s de sus cuatro Grupos de Trabajo Tem\u00e1tico.\" \/>\n<meta property=\"og:url\" content=\"https:\/\/accionclimaticaplaca.org\/en\/sesiones-tematicas-placa-2024\/\" \/>\n<meta property=\"og:site_name\" content=\"Plataforma de Acci\u00f3n Clim\u00e1tica PLACA\" \/>\n<meta property=\"article:published_time\" content=\"2024-05-09T00:54:17+00:00\" \/>\n<meta property=\"article:modified_time\" content=\"2024-06-07T02:47:18+00:00\" \/>\n<meta property=\"og:image\" content=\"https:\/\/accionclimaticaplaca.org\/wp-content\/uploads\/2024\/05\/SesionTematica_PLACA.png\" \/>\n\t<meta property=\"og:image:width\" content=\"1920\" \/>\n\t<meta property=\"og:image:height\" content=\"1007\" \/>\n\t<meta property=\"og:image:type\" content=\"image\/png\" \/>\n<meta name=\"author\" content=\"Mercy Anahi Quintero\" \/>\n<meta name=\"twitter:card\" content=\"summary_large_image\" \/>\n<meta name=\"twitter:label1\" content=\"Written by\" \/>\n\t<meta name=\"twitter:data1\" content=\"Mercy Anahi Quintero\" \/>\n\t<meta name=\"twitter:label2\" content=\"Est. reading time\" \/>\n\t<meta name=\"twitter:data2\" content=\"2 minutes\" \/>\n<script type=\"application\/ld+json\" class=\"yoast-schema-graph\">{\"@context\":\"https:\\\/\\\/schema.org\",\"@graph\":[{\"@type\":\"Article\",\"@id\":\"https:\\\/\\\/accionclimaticaplaca.org\\\/sesiones-tematicas-placa-2024\\\/#article\",\"isPartOf\":{\"@id\":\"https:\\\/\\\/accionclimaticaplaca.org\\\/sesiones-tematicas-placa-2024\\\/\"},\"author\":{\"name\":\"Mercy Anahi Quintero\",\"@id\":\"https:\\\/\\\/accionclimaticaplaca.org\\\/#\\\/schema\\\/person\\\/188637873c39dacbf03a63971c722501\"},\"headline\":\"Plataforma de Acci\u00f3n Clim\u00e1tica en Agricultura anuncia su agenda de sesiones tem\u00e1ticas para el primer semestre de 2024\",\"datePublished\":\"2024-05-09T00:54:17+00:00\",\"dateModified\":\"2024-06-07T02:47:18+00:00\",\"mainEntityOfPage\":{\"@id\":\"https:\\\/\\\/accionclimaticaplaca.org\\\/sesiones-tematicas-placa-2024\\\/\"},\"wordCount\":392,\"publisher\":{\"@id\":\"https:\\\/\\\/accionclimaticaplaca.org\\\/#organization\"},\"image\":{\"@id\":\"https:\\\/\\\/accionclimaticaplaca.org\\\/sesiones-tematicas-placa-2024\\\/#primaryimage\"},\"thumbnailUrl\":\"https:\\\/\\\/accionclimaticaplaca.org\\\/wp-content\\\/uploads\\\/2024\\\/05\\\/SesionTematica_PLACA.png\",\"articleSection\":[\"Noticias\"],\"inLanguage\":\"en-US\"},{\"@type\":\"WebPage\",\"@id\":\"https:\\\/\\\/accionclimaticaplaca.org\\\/sesiones-tematicas-placa-2024\\\/\",\"url\":\"https:\\\/\\\/accionclimaticaplaca.org\\\/sesiones-tematicas-placa-2024\\\/\",\"name\":\"Plataforma de Acci\u00f3n Clim\u00e1tica en Agricultura anuncia su agenda de sesiones tem\u00e1ticas para el primer semestre de 2024 - Plataforma de Acci\u00f3n Clim\u00e1tica PLACA\",\"isPartOf\":{\"@id\":\"https:\\\/\\\/accionclimaticaplaca.org\\\/#website\"},\"primaryImageOfPage\":{\"@id\":\"https:\\\/\\\/accionclimaticaplaca.org\\\/sesiones-tematicas-placa-2024\\\/#primaryimage\"},\"image\":{\"@id\":\"https:\\\/\\\/accionclimaticaplaca.org\\\/sesiones-tematicas-placa-2024\\\/#primaryimage\"},\"thumbnailUrl\":\"https:\\\/\\\/accionclimaticaplaca.org\\\/wp-content\\\/uploads\\\/2024\\\/05\\\/SesionTematica_PLACA.png\",\"datePublished\":\"2024-05-09T00:54:17+00:00\",\"dateModified\":\"2024-06-07T02:47:18+00:00\",\"description\":\"A lo largo del primer semestre de 2024, PLACA llevar\u00e1 a cabo cuatro sesiones tem\u00e1ticas, a trav\u00e9s de sus cuatro Grupos de Trabajo Tem\u00e1tico.\",\"breadcrumb\":{\"@id\":\"https:\\\/\\\/accionclimaticaplaca.org\\\/sesiones-tematicas-placa-2024\\\/#breadcrumb\"},\"inLanguage\":\"en-US\",\"potentialAction\":[{\"@type\":\"ReadAction\",\"target\":[\"https:\\\/\\\/accionclimaticaplaca.org\\\/sesiones-tematicas-placa-2024\\\/\"]}]},{\"@type\":\"ImageObject\",\"inLanguage\":\"en-US\",\"@id\":\"https:\\\/\\\/accionclimaticaplaca.org\\\/sesiones-tematicas-placa-2024\\\/#primaryimage\",\"url\":\"https:\\\/\\\/accionclimaticaplaca.org\\\/wp-content\\\/uploads\\\/2024\\\/05\\\/SesionTematica_PLACA.png\",\"contentUrl\":\"https:\\\/\\\/accionclimaticaplaca.org\\\/wp-content\\\/uploads\\\/2024\\\/05\\\/SesionTematica_PLACA.png\",\"width\":1920,\"height\":1007},{\"@type\":\"BreadcrumbList\",\"@id\":\"https:\\\/\\\/accionclimaticaplaca.org\\\/sesiones-tematicas-placa-2024\\\/#breadcrumb\",\"itemListElement\":[{\"@type\":\"ListItem\",\"position\":1,\"name\":\"Portada\",\"item\":\"https:\\\/\\\/accionclimaticaplaca.org\\\/\"},{\"@type\":\"ListItem\",\"position\":2,\"name\":\"Plataforma de Acci\u00f3n Clim\u00e1tica en Agricultura anuncia su agenda de sesiones tem\u00e1ticas para el primer semestre de 2024\"}]},{\"@type\":\"WebSite\",\"@id\":\"https:\\\/\\\/accionclimaticaplaca.org\\\/#website\",\"url\":\"https:\\\/\\\/accionclimaticaplaca.org\\\/\",\"name\":\"Plataforma de Acci\u00f3n Clim\u00e1tica PLACA\",\"description\":\"Plataforma de Acci\u00f3n Clim\u00e1tica en Agricultura de Latinoam\u00e9rica y El Caribe\",\"publisher\":{\"@id\":\"https:\\\/\\\/accionclimaticaplaca.org\\\/#organization\"},\"potentialAction\":[{\"@type\":\"SearchAction\",\"target\":{\"@type\":\"EntryPoint\",\"urlTemplate\":\"https:\\\/\\\/accionclimaticaplaca.org\\\/?s={search_term_string}\"},\"query-input\":{\"@type\":\"PropertyValueSpecification\",\"valueRequired\":true,\"valueName\":\"search_term_string\"}}],\"inLanguage\":\"en-US\"},{\"@type\":\"Organization\",\"@id\":\"https:\\\/\\\/accionclimaticaplaca.org\\\/#organization\",\"name\":\"Food and Agriculture Organization\",\"url\":\"https:\\\/\\\/accionclimaticaplaca.org\\\/\",\"logo\":{\"@type\":\"ImageObject\",\"inLanguage\":\"en-US\",\"@id\":\"https:\\\/\\\/accionclimaticaplaca.org\\\/#\\\/schema\\\/logo\\\/image\\\/\",\"url\":\"https:\\\/\\\/accionclimaticaplaca.org\\\/wp-content\\\/uploads\\\/2021\\\/11\\\/gif_placa_esp.gif\",\"contentUrl\":\"https:\\\/\\\/accionclimaticaplaca.org\\\/wp-content\\\/uploads\\\/2021\\\/11\\\/gif_placa_esp.gif\",\"width\":1000,\"height\":1000,\"caption\":\"Food and Agriculture Organization\"},\"image\":{\"@id\":\"https:\\\/\\\/accionclimaticaplaca.org\\\/#\\\/schema\\\/logo\\\/image\\\/\"}},{\"@type\":\"Person\",\"@id\":\"https:\\\/\\\/accionclimaticaplaca.org\\\/#\\\/schema\\\/person\\\/188637873c39dacbf03a63971c722501\",\"name\":\"Mercy Anahi Quintero\",\"url\":\"https:\\\/\\\/accionclimaticaplaca.org\\\/en\\\/author\\\/mercy-quinterofao-org\\\/\"}]}<\/script>\n<!-- \/ Yoast SEO plugin. -->","yoast_head_json":{"title":"Plataforma de Acci\u00f3n Clim\u00e1tica en Agricultura anuncia su agenda de sesiones tem\u00e1ticas para el primer semestre de 2024 - Plataforma de Acci\u00f3n Clim\u00e1tica PLACA","description":"Throughout the first half of 2024, PLACA will conduct four thematic sessions, through its four Thematic Working Groups.","robots":{"index":"index","follow":"follow","max-snippet":"max-snippet:-1","max-image-preview":"max-image-preview:large","max-video-preview":"max-video-preview:-1"},"canonical":"https:\/\/accionclimaticaplaca.org\/en\/sesiones-tematicas-placa-2024\/","og_locale":"en_US","og_type":"article","og_title":"Plataforma de Acci\u00f3n Clim\u00e1tica en Agricultura anuncia su agenda de sesiones tem\u00e1ticas para el primer semestre de 2024 - Plataforma de Acci\u00f3n Clim\u00e1tica PLACA","og_description":"A lo largo del primer semestre de 2024, PLACA llevar\u00e1 a cabo cuatro sesiones tem\u00e1ticas, a trav\u00e9s de sus cuatro Grupos de Trabajo Tem\u00e1tico.","og_url":"https:\/\/accionclimaticaplaca.org\/en\/sesiones-tematicas-placa-2024\/","og_site_name":"Plataforma de Acci\u00f3n Clim\u00e1tica PLACA","article_published_time":"2024-05-09T00:54:17+00:00","article_modified_time":"2024-06-07T02:47:18+00:00","og_image":[{"width":1920,"height":1007,"url":"https:\/\/accionclimaticaplaca.org\/wp-content\/uploads\/2024\/05\/SesionTematica_PLACA.png","type":"image\/png"}],"author":"Mercy Anahi Quintero","twitter_card":"summary_large_image","twitter_misc":{"Written by":"Mercy Anahi Quintero","Est. reading time":"2 minutes"},"schema":{"@context":"https:\/\/schema.org","@graph":[{"@type":"Article","@id":"https:\/\/accionclimaticaplaca.org\/sesiones-tematicas-placa-2024\/#article","isPartOf":{"@id":"https:\/\/accionclimaticaplaca.org\/sesiones-tematicas-placa-2024\/"},"author":{"name":"Mercy Anahi Quintero","@id":"https:\/\/accionclimaticaplaca.org\/#\/schema\/person\/188637873c39dacbf03a63971c722501"},"headline":"Plataforma de Acci\u00f3n Clim\u00e1tica en Agricultura anuncia su agenda de sesiones tem\u00e1ticas para el primer semestre de 2024","datePublished":"2024-05-09T00:54:17+00:00","dateModified":"2024-06-07T02:47:18+00:00","mainEntityOfPage":{"@id":"https:\/\/accionclimaticaplaca.org\/sesiones-tematicas-placa-2024\/"},"wordCount":392,"publisher":{"@id":"https:\/\/accionclimaticaplaca.org\/#organization"},"image":{"@id":"https:\/\/accionclimaticaplaca.org\/sesiones-tematicas-placa-2024\/#primaryimage"},"thumbnailUrl":"https:\/\/accionclimaticaplaca.org\/wp-content\/uploads\/2024\/05\/SesionTematica_PLACA.png","articleSection":["Noticias"],"inLanguage":"en-US"},{"@type":"WebPage","@id":"https:\/\/accionclimaticaplaca.org\/sesiones-tematicas-placa-2024\/","url":"https:\/\/accionclimaticaplaca.org\/sesiones-tematicas-placa-2024\/","name":"Plataforma de Acci\u00f3n Clim\u00e1tica en Agricultura anuncia su agenda de sesiones tem\u00e1ticas para el primer semestre de 2024 - Plataforma de Acci\u00f3n Clim\u00e1tica PLACA","isPartOf":{"@id":"https:\/\/accionclimaticaplaca.org\/#website"},"primaryImageOfPage":{"@id":"https:\/\/accionclimaticaplaca.org\/sesiones-tematicas-placa-2024\/#primaryimage"},"image":{"@id":"https:\/\/accionclimaticaplaca.org\/sesiones-tematicas-placa-2024\/#primaryimage"},"thumbnailUrl":"https:\/\/accionclimaticaplaca.org\/wp-content\/uploads\/2024\/05\/SesionTematica_PLACA.png","datePublished":"2024-05-09T00:54:17+00:00","dateModified":"2024-06-07T02:47:18+00:00","description":"Throughout the first half of 2024, PLACA will conduct four thematic sessions, through its four Thematic Working Groups.","breadcrumb":{"@id":"https:\/\/accionclimaticaplaca.org\/sesiones-tematicas-placa-2024\/#breadcrumb"},"inLanguage":"en-US","potentialAction":[{"@type":"ReadAction","target":["https:\/\/accionclimaticaplaca.org\/sesiones-tematicas-placa-2024\/"]}]},{"@type":"ImageObject","inLanguage":"en-US","@id":"https:\/\/accionclimaticaplaca.org\/sesiones-tematicas-placa-2024\/#primaryimage","url":"https:\/\/accionclimaticaplaca.org\/wp-content\/uploads\/2024\/05\/SesionTematica_PLACA.png","contentUrl":"https:\/\/accionclimaticaplaca.org\/wp-content\/uploads\/2024\/05\/SesionTematica_PLACA.png","width":1920,"height":1007},{"@type":"BreadcrumbList","@id":"https:\/\/accionclimaticaplaca.org\/sesiones-tematicas-placa-2024\/#breadcrumb","itemListElement":[{"@type":"ListItem","position":1,"name":"Portada","item":"https:\/\/accionclimaticaplaca.org\/"},{"@type":"ListItem","position":2,"name":"Plataforma de Acci\u00f3n Clim\u00e1tica en Agricultura anuncia su agenda de sesiones tem\u00e1ticas para el primer semestre de 2024"}]},{"@type":"WebSite","@id":"https:\/\/accionclimaticaplaca.org\/#website","url":"https:\/\/accionclimaticaplaca.org\/","name":"Plataforma de Acci\u00f3n Clim\u00e1tica PLACA","description":"Platform of Latin America and the Caribbean for Climate Action on Agriculture","publisher":{"@id":"https:\/\/accionclimaticaplaca.org\/#organization"},"potentialAction":[{"@type":"SearchAction","target":{"@type":"EntryPoint","urlTemplate":"https:\/\/accionclimaticaplaca.org\/?s={search_term_string}"},"query-input":{"@type":"PropertyValueSpecification","valueRequired":true,"valueName":"search_term_string"}}],"inLanguage":"en-US"},{"@type":"Organization","@id":"https:\/\/accionclimaticaplaca.org\/#organization","name":"Food and Agriculture Organization","url":"https:\/\/accionclimaticaplaca.org\/","logo":{"@type":"ImageObject","inLanguage":"en-US","@id":"https:\/\/accionclimaticaplaca.org\/#\/schema\/logo\/image\/","url":"https:\/\/accionclimaticaplaca.org\/wp-content\/uploads\/2021\/11\/gif_placa_esp.gif","contentUrl":"https:\/\/accionclimaticaplaca.org\/wp-content\/uploads\/2021\/11\/gif_placa_esp.gif","width":1000,"height":1000,"caption":"Food and Agriculture Organization"},"image":{"@id":"https:\/\/accionclimaticaplaca.org\/#\/schema\/logo\/image\/"}},{"@type":"Person","@id":"https:\/\/accionclimaticaplaca.org\/#\/schema\/person\/188637873c39dacbf03a63971c722501","name":"Mercy Anahi Quintero","url":"https:\/\/accionclimaticaplaca.org\/en\/author\/mercy-quinterofao-org\/"}]}},"_links":{"self":[{"href":"https:\/\/accionclimaticaplaca.org\/en\/wp-json\/wp\/v2\/posts\/9652","targetHints":{"allow":["GET"]}}],"collection":[{"href":"https:\/\/accionclimaticaplaca.org\/en\/wp-json\/wp\/v2\/posts"}],"about":[{"href":"https:\/\/accionclimaticaplaca.org\/en\/wp-json\/wp\/v2\/types\/post"}],"author":[{"embeddable":true,"href":"https:\/\/accionclimaticaplaca.org\/en\/wp-json\/wp\/v2\/users\/5"}],"replies":[{"embeddable":true,"href":"https:\/\/accionclimaticaplaca.org\/en\/wp-json\/wp\/v2\/comments?post=9652"}],"version-history":[{"count":17,"href":"https:\/\/accionclimaticaplaca.org\/en\/wp-json\/wp\/v2\/posts\/9652\/revisions"}],"predecessor-version":[{"id":9767,"href":"https:\/\/accionclimaticaplaca.org\/en\/wp-json\/wp\/v2\/posts\/9652\/revisions\/9767"}],"wp:featuredmedia":[{"embeddable":true,"href":"https:\/\/accionclimaticaplaca.org\/en\/wp-json\/wp\/v2\/media\/9658"}],"wp:attachment":[{"href":"https:\/\/accionclimaticaplaca.org\/en\/wp-json\/wp\/v2\/media?parent=9652"}],"wp:term":[{"taxonomy":"category","embeddable":true,"href":"https:\/\/accionclimaticaplaca.org\/en\/wp-json\/wp\/v2\/categories?post=9652"},{"taxonomy":"post_tag","embeddable":true,"href":"https:\/\/accionclimaticaplaca.org\/en\/wp-json\/wp\/v2\/tags?post=9652"}],"curies":[{"name":"wp","href":"https:\/\/api.w.org\/{rel}","templated":true}]}}