{"id":9142,"date":"2023-10-30T20:34:27","date_gmt":"2023-10-31T00:34:27","guid":{"rendered":"https:\/\/accionclimaticaplaca.org\/?p=9142"},"modified":"2023-11-20T22:07:03","modified_gmt":"2023-11-21T02:07:03","slug":"placa-destaco-la-gestion-de-informacion-como-pilar-clave-para-estrategias-integradas-en-la-gestion-del-agua-en-america-latina-y-el-caribe","status":"publish","type":"post","link":"http:\/\/accionclimaticaplaca.org\/en\/placa-destaco-la-gestion-de-informacion-como-pilar-clave-para-estrategias-integradas-en-la-gestion-del-agua-en-america-latina-y-el-caribe\/","title":{"rendered":"PLACA highlighted information management as a key pillar for integrated water management strategies in Latin America and the Caribbean"},"content":{"rendered":"<div data-elementor-type=\"wp-post\" data-elementor-id=\"9142\" class=\"elementor elementor-9142\" data-elementor-settings=\"{&quot;ha_cmc_init_switcher&quot;:&quot;no&quot;}\">\n\t\t\t\t\t\t<section class=\"elementor-section elementor-top-section elementor-element elementor-element-501f13b6 elementor-section-boxed elementor-section-height-default elementor-section-height-default\" data-id=\"501f13b6\" data-element_type=\"section\" data-settings=\"{&quot;_ha_eqh_enable&quot;:false}\">\n\t\t\t\t\t\t<div class=\"elementor-container elementor-column-gap-default\">\n\t\t\t\t\t<div class=\"elementor-column elementor-col-100 elementor-top-column elementor-element elementor-element-3546d12f\" data-id=\"3546d12f\" data-element_type=\"column\">\n\t\t\t<div class=\"elementor-widget-wrap elementor-element-populated\">\n\t\t\t\t\t\t<div class=\"elementor-element elementor-element-1488ae2 elementor-widget elementor-widget-text-editor\" data-id=\"1488ae2\" data-element_type=\"widget\" data-widget_type=\"text-editor.default\">\n\t\t\t\t<div class=\"elementor-widget-container\">\n\t\t\t\t\t\t\t<!-- wp:paragraph -->\n<p><span style=\"font-weight: 400;\">The Platform for Climate Action in Agriculture for Latin America and the Caribbean (PLACA) participated in the Climate Week 2023 held in October in Panama City.\u00a0<\/span><\/p>\n<p>\u00a0<\/p>\n<p><b>Noviembre de 2023.- <\/b><span style=\"font-weight: 400;\">La Semana del Clima es un evento global que re\u00fane a l\u00edderes, expertos y organizaciones comprometidas con la acci\u00f3n clim\u00e1tica.<\/span><\/p>\n<p><span style=\"font-weight: 400;\">PLACA, junto a la FAO, a la Conferencia Iberoamericana de Directores del Agua y la Global Water Partnership Central America, realizaron el evento <\/span><i><span style=\"font-weight: 400;\">\u201cAgricultura resiliente al clima\u201d<\/span><\/i><span style=\"font-weight: 400;\">, donde se facilit\u00f3 el intercambio de estrategias para abordar los desaf\u00edos del cambio clim\u00e1tico en la agricultura con un enfoque en la gesti\u00f3n integrada de los recursos h\u00eddricos,\u00a0<\/span><\/p>\n<p><span style=\"font-weight: 400;\">En la actividad, Chile, Cuba, Panam\u00e1 y M\u00e9xico presentaron los actuales desaf\u00edos a los que se enfrentan las instituciones p\u00fablicas en cu\u00e1nto a la gesti\u00f3n de informaci\u00f3n o a la coordinaci\u00f3n interinstitucional, y c\u00f3mo lo han superado, en algunos casos, mediante estrategias integradas en sus planes nacionales o sectoriales a trav\u00e9s de\u00a0 soluciones o procesos innovadores para abordar la interconexi\u00f3n entre el cambio clim\u00e1tico, la agricultura y la gesti\u00f3n del agua.<\/span><\/p>\n<p><span style=\"font-weight: 400;\">Sol Ortiz Garc\u00eda, Directora General de Pol\u00edticas, Prospecci\u00f3n y Cambio Clim\u00e1tico de la Secretar\u00eda de Agricultura y Desarrollo Rural en M\u00e9xico y, actualmente, Presidenta de PLACA, se refiri\u00f3 a la importancia de la articulaci\u00f3n regional para la acci\u00f3n clim\u00e1tica en agricultura: \u201c<\/span><i><span style=\"font-weight: 400;\">Esta articulaci\u00f3n, as\u00ed como la colaboraci\u00f3n entre los pa\u00edses de la regi\u00f3n para atender los efectos adversos del cambio clim\u00e1tico, son muy importantes porque tenemos muchos objetivos compartidos, tenemos muchos retos por atender y lo podemos hacer mejor si conocemos qu\u00e9 experiencias est\u00e1n funcionando y en qu\u00e9 lugares\u201d, <\/span><\/i><span style=\"font-weight: 400;\">she said.<\/span><\/p>\n<p><span style=\"font-weight: 400;\">Adem\u00e1s, agreg\u00f3 que las \u00e1reas prioritarias para trabajar en la regi\u00f3n han sido identificadas a trav\u00e9s del mecanismo de colaboraci\u00f3n, PLACA, en cuatro grupos de trabajo t\u00e9cnico,: <\/span><b>Adaptation and Mitigation<\/b><span style=\"font-weight: 400;\">, <\/span><b>Public Policies<\/b><span style=\"font-weight: 400;\">, <\/span><b>Gesti\u00f3n de Conocimientos<\/b><span style=\"font-weight: 400;\"> and <\/span><b>Investigaci\u00f3n, Desarrollo e Innovaci\u00f3n Tecnol\u00f3gica.<\/b><\/p>\n<p>\u00a0<\/p>\n<p><span style=\"font-weight: 400;\">Las discusiones sostenidas durante la Semana del Clima, ser\u00e1n clave para la agenda de la FAO en el marco de la Conferencia de las Naciones Unidas para el Cambio Clim\u00e1tico (COP28), organizada por Emiratos \u00c1rabes del 30 de noviembre al 12 de diciembre.<\/span><\/p>\n<!-- \/wp:paragraph -->\t\t\t\t\t\t<\/div>\n\t\t\t\t<\/div>\n\t\t\t\t\t<\/div>\n\t\t<\/div>\n\t\t\t\t\t<\/div>\n\t\t<\/section>\n\t\t\t\t<\/div>","protected":false},"excerpt":{"rendered":"<p>The Platform for Climate Action in Agriculture for Latin America and the Caribbean (PLACA) participated in the Climate Week 2023 held in October in Panama City. <\/p>","protected":false},"author":5,"featured_media":9144,"comment_status":"closed","ping_status":"open","sticky":false,"template":"elementor_theme","format":"standard","meta":{"_monsterinsights_skip_tracking":false,"_monsterinsights_sitenote_active":false,"_monsterinsights_sitenote_note":"","_monsterinsights_sitenote_category":0,"footnotes":""},"categories":[1],"tags":[],"class_list":["post-9142","post","type-post","status-publish","format-standard","has-post-thumbnail","hentry","category-noticias"],"yoast_head":"<!-- This site is optimized with the Yoast SEO plugin v27.3 - https:\/\/yoast.com\/product\/yoast-seo-wordpress\/ -->\n<title>PLACA destac\u00f3 la gesti\u00f3n de informaci\u00f3n como pilar clave para estrategias integradas en la gesti\u00f3n del agua en Am\u00e9rica Latina y el Caribe - Plataforma de Acci\u00f3n Clim\u00e1tica PLACA<\/title>\n<meta name=\"description\" content=\"La Plataforma de Acci\u00f3n Clim\u00e1tica en Agricultura para Latinoam\u00e9rica y el Caribe (PLACA) particip\u00f3 en la Semana del Clima 2023 realizada en octubre en Ciudad de Panam\u00e1.\" \/>\n<meta name=\"robots\" content=\"index, follow, max-snippet:-1, max-image-preview:large, max-video-preview:-1\" \/>\n<link rel=\"canonical\" href=\"https:\/\/accionclimaticaplaca.org\/en\/placa-destaco-la-gestion-de-informacion-como-pilar-clave-para-estrategias-integradas-en-la-gestion-del-agua-en-america-latina-y-el-caribe\/\" \/>\n<meta property=\"og:locale\" content=\"en_US\" \/>\n<meta property=\"og:type\" content=\"article\" \/>\n<meta property=\"og:title\" content=\"PLACA destac\u00f3 la gesti\u00f3n de informaci\u00f3n como pilar clave para estrategias integradas en la gesti\u00f3n del agua en Am\u00e9rica Latina y el Caribe - Plataforma de Acci\u00f3n Clim\u00e1tica PLACA\" \/>\n<meta property=\"og:description\" content=\"La Plataforma de Acci\u00f3n Clim\u00e1tica en Agricultura para Latinoam\u00e9rica y el Caribe (PLACA) particip\u00f3 en la Semana del Clima 2023 realizada en octubre en Ciudad de Panam\u00e1.\" \/>\n<meta property=\"og:url\" content=\"https:\/\/accionclimaticaplaca.org\/en\/placa-destaco-la-gestion-de-informacion-como-pilar-clave-para-estrategias-integradas-en-la-gestion-del-agua-en-america-latina-y-el-caribe\/\" \/>\n<meta property=\"og:site_name\" content=\"Plataforma de Acci\u00f3n Clim\u00e1tica PLACA\" \/>\n<meta property=\"article:published_time\" content=\"2023-10-31T00:34:27+00:00\" \/>\n<meta property=\"article:modified_time\" content=\"2023-11-21T02:07:03+00:00\" \/>\n<meta property=\"og:image\" content=\"https:\/\/accionclimaticaplaca.org\/wp-content\/uploads\/2023\/10\/53282369246_e804d12af1_c.jpg\" \/>\n\t<meta property=\"og:image:width\" content=\"799\" \/>\n\t<meta property=\"og:image:height\" content=\"521\" \/>\n\t<meta property=\"og:image:type\" content=\"image\/jpeg\" \/>\n<meta name=\"author\" content=\"Mercy Anahi Quintero\" \/>\n<meta name=\"twitter:card\" content=\"summary_large_image\" \/>\n<meta name=\"twitter:label1\" content=\"Written by\" \/>\n\t<meta name=\"twitter:data1\" content=\"Mercy Anahi Quintero\" \/>\n\t<meta name=\"twitter:label2\" content=\"Est. reading time\" \/>\n\t<meta name=\"twitter:data2\" content=\"2 minutes\" \/>\n<script type=\"application\/ld+json\" class=\"yoast-schema-graph\">{\"@context\":\"https:\\\/\\\/schema.org\",\"@graph\":[{\"@type\":\"Article\",\"@id\":\"https:\\\/\\\/accionclimaticaplaca.org\\\/placa-destaco-la-gestion-de-informacion-como-pilar-clave-para-estrategias-integradas-en-la-gestion-del-agua-en-america-latina-y-el-caribe\\\/#article\",\"isPartOf\":{\"@id\":\"https:\\\/\\\/accionclimaticaplaca.org\\\/placa-destaco-la-gestion-de-informacion-como-pilar-clave-para-estrategias-integradas-en-la-gestion-del-agua-en-america-latina-y-el-caribe\\\/\"},\"author\":{\"name\":\"Mercy Anahi Quintero\",\"@id\":\"https:\\\/\\\/accionclimaticaplaca.org\\\/#\\\/schema\\\/person\\\/188637873c39dacbf03a63971c722501\"},\"headline\":\"PLACA destac\u00f3 la gesti\u00f3n de informaci\u00f3n como pilar clave para estrategias integradas en la gesti\u00f3n del agua en Am\u00e9rica Latina y el Caribe\",\"datePublished\":\"2023-10-31T00:34:27+00:00\",\"dateModified\":\"2023-11-21T02:07:03+00:00\",\"mainEntityOfPage\":{\"@id\":\"https:\\\/\\\/accionclimaticaplaca.org\\\/placa-destaco-la-gestion-de-informacion-como-pilar-clave-para-estrategias-integradas-en-la-gestion-del-agua-en-america-latina-y-el-caribe\\\/\"},\"wordCount\":428,\"publisher\":{\"@id\":\"https:\\\/\\\/accionclimaticaplaca.org\\\/#organization\"},\"image\":{\"@id\":\"https:\\\/\\\/accionclimaticaplaca.org\\\/placa-destaco-la-gestion-de-informacion-como-pilar-clave-para-estrategias-integradas-en-la-gestion-del-agua-en-america-latina-y-el-caribe\\\/#primaryimage\"},\"thumbnailUrl\":\"https:\\\/\\\/accionclimaticaplaca.org\\\/wp-content\\\/uploads\\\/2023\\\/10\\\/53282369246_e804d12af1_c.jpg\",\"articleSection\":[\"Noticias\"],\"inLanguage\":\"en-US\"},{\"@type\":\"WebPage\",\"@id\":\"https:\\\/\\\/accionclimaticaplaca.org\\\/placa-destaco-la-gestion-de-informacion-como-pilar-clave-para-estrategias-integradas-en-la-gestion-del-agua-en-america-latina-y-el-caribe\\\/\",\"url\":\"https:\\\/\\\/accionclimaticaplaca.org\\\/placa-destaco-la-gestion-de-informacion-como-pilar-clave-para-estrategias-integradas-en-la-gestion-del-agua-en-america-latina-y-el-caribe\\\/\",\"name\":\"PLACA destac\u00f3 la gesti\u00f3n de informaci\u00f3n como pilar clave para estrategias integradas en la gesti\u00f3n del agua en Am\u00e9rica Latina y el Caribe - Plataforma de Acci\u00f3n Clim\u00e1tica PLACA\",\"isPartOf\":{\"@id\":\"https:\\\/\\\/accionclimaticaplaca.org\\\/#website\"},\"primaryImageOfPage\":{\"@id\":\"https:\\\/\\\/accionclimaticaplaca.org\\\/placa-destaco-la-gestion-de-informacion-como-pilar-clave-para-estrategias-integradas-en-la-gestion-del-agua-en-america-latina-y-el-caribe\\\/#primaryimage\"},\"image\":{\"@id\":\"https:\\\/\\\/accionclimaticaplaca.org\\\/placa-destaco-la-gestion-de-informacion-como-pilar-clave-para-estrategias-integradas-en-la-gestion-del-agua-en-america-latina-y-el-caribe\\\/#primaryimage\"},\"thumbnailUrl\":\"https:\\\/\\\/accionclimaticaplaca.org\\\/wp-content\\\/uploads\\\/2023\\\/10\\\/53282369246_e804d12af1_c.jpg\",\"datePublished\":\"2023-10-31T00:34:27+00:00\",\"dateModified\":\"2023-11-21T02:07:03+00:00\",\"description\":\"La Plataforma de Acci\u00f3n Clim\u00e1tica en Agricultura para Latinoam\u00e9rica y el Caribe (PLACA) particip\u00f3 en la Semana del Clima 2023 realizada en octubre en Ciudad de Panam\u00e1.\",\"breadcrumb\":{\"@id\":\"https:\\\/\\\/accionclimaticaplaca.org\\\/placa-destaco-la-gestion-de-informacion-como-pilar-clave-para-estrategias-integradas-en-la-gestion-del-agua-en-america-latina-y-el-caribe\\\/#breadcrumb\"},\"inLanguage\":\"en-US\",\"potentialAction\":[{\"@type\":\"ReadAction\",\"target\":[\"https:\\\/\\\/accionclimaticaplaca.org\\\/placa-destaco-la-gestion-de-informacion-como-pilar-clave-para-estrategias-integradas-en-la-gestion-del-agua-en-america-latina-y-el-caribe\\\/\"]}]},{\"@type\":\"ImageObject\",\"inLanguage\":\"en-US\",\"@id\":\"https:\\\/\\\/accionclimaticaplaca.org\\\/placa-destaco-la-gestion-de-informacion-como-pilar-clave-para-estrategias-integradas-en-la-gestion-del-agua-en-america-latina-y-el-caribe\\\/#primaryimage\",\"url\":\"https:\\\/\\\/accionclimaticaplaca.org\\\/wp-content\\\/uploads\\\/2023\\\/10\\\/53282369246_e804d12af1_c.jpg\",\"contentUrl\":\"https:\\\/\\\/accionclimaticaplaca.org\\\/wp-content\\\/uploads\\\/2023\\\/10\\\/53282369246_e804d12af1_c.jpg\",\"width\":799,\"height\":521},{\"@type\":\"BreadcrumbList\",\"@id\":\"https:\\\/\\\/accionclimaticaplaca.org\\\/placa-destaco-la-gestion-de-informacion-como-pilar-clave-para-estrategias-integradas-en-la-gestion-del-agua-en-america-latina-y-el-caribe\\\/#breadcrumb\",\"itemListElement\":[{\"@type\":\"ListItem\",\"position\":1,\"name\":\"Portada\",\"item\":\"https:\\\/\\\/accionclimaticaplaca.org\\\/\"},{\"@type\":\"ListItem\",\"position\":2,\"name\":\"PLACA destac\u00f3 la gesti\u00f3n de informaci\u00f3n como pilar clave para estrategias integradas en la gesti\u00f3n del agua en Am\u00e9rica Latina y el Caribe\"}]},{\"@type\":\"WebSite\",\"@id\":\"https:\\\/\\\/accionclimaticaplaca.org\\\/#website\",\"url\":\"https:\\\/\\\/accionclimaticaplaca.org\\\/\",\"name\":\"Plataforma de Acci\u00f3n Clim\u00e1tica PLACA\",\"description\":\"Plataforma de Acci\u00f3n Clim\u00e1tica en Agricultura de Latinoam\u00e9rica y El Caribe\",\"publisher\":{\"@id\":\"https:\\\/\\\/accionclimaticaplaca.org\\\/#organization\"},\"potentialAction\":[{\"@type\":\"SearchAction\",\"target\":{\"@type\":\"EntryPoint\",\"urlTemplate\":\"https:\\\/\\\/accionclimaticaplaca.org\\\/?s={search_term_string}\"},\"query-input\":{\"@type\":\"PropertyValueSpecification\",\"valueRequired\":true,\"valueName\":\"search_term_string\"}}],\"inLanguage\":\"en-US\"},{\"@type\":\"Organization\",\"@id\":\"https:\\\/\\\/accionclimaticaplaca.org\\\/#organization\",\"name\":\"Food and Agriculture Organization\",\"url\":\"https:\\\/\\\/accionclimaticaplaca.org\\\/\",\"logo\":{\"@type\":\"ImageObject\",\"inLanguage\":\"en-US\",\"@id\":\"https:\\\/\\\/accionclimaticaplaca.org\\\/#\\\/schema\\\/logo\\\/image\\\/\",\"url\":\"https:\\\/\\\/accionclimaticaplaca.org\\\/wp-content\\\/uploads\\\/2021\\\/11\\\/gif_placa_esp.gif\",\"contentUrl\":\"https:\\\/\\\/accionclimaticaplaca.org\\\/wp-content\\\/uploads\\\/2021\\\/11\\\/gif_placa_esp.gif\",\"width\":1000,\"height\":1000,\"caption\":\"Food and Agriculture Organization\"},\"image\":{\"@id\":\"https:\\\/\\\/accionclimaticaplaca.org\\\/#\\\/schema\\\/logo\\\/image\\\/\"}},{\"@type\":\"Person\",\"@id\":\"https:\\\/\\\/accionclimaticaplaca.org\\\/#\\\/schema\\\/person\\\/188637873c39dacbf03a63971c722501\",\"name\":\"Mercy Anahi Quintero\",\"url\":\"http:\\\/\\\/accionclimaticaplaca.org\\\/en\\\/author\\\/mercy-quinterofao-org\\\/\"}]}<\/script>\n<!-- \/ Yoast SEO plugin. -->","yoast_head_json":{"title":"PLACA destac\u00f3 la gesti\u00f3n de informaci\u00f3n como pilar clave para estrategias integradas en la gesti\u00f3n del agua en Am\u00e9rica Latina y el Caribe - Plataforma de Acci\u00f3n Clim\u00e1tica PLACA","description":"The Platform for Climate Action in Agriculture for Latin America and the Caribbean (PLACA) participated in the Climate Week 2023 held in October in Panama City.","robots":{"index":"index","follow":"follow","max-snippet":"max-snippet:-1","max-image-preview":"max-image-preview:large","max-video-preview":"max-video-preview:-1"},"canonical":"https:\/\/accionclimaticaplaca.org\/en\/placa-destaco-la-gestion-de-informacion-como-pilar-clave-para-estrategias-integradas-en-la-gestion-del-agua-en-america-latina-y-el-caribe\/","og_locale":"en_US","og_type":"article","og_title":"PLACA destac\u00f3 la gesti\u00f3n de informaci\u00f3n como pilar clave para estrategias integradas en la gesti\u00f3n del agua en Am\u00e9rica Latina y el Caribe - Plataforma de Acci\u00f3n Clim\u00e1tica PLACA","og_description":"La Plataforma de Acci\u00f3n Clim\u00e1tica en Agricultura para Latinoam\u00e9rica y el Caribe (PLACA) particip\u00f3 en la Semana del Clima 2023 realizada en octubre en Ciudad de Panam\u00e1.","og_url":"https:\/\/accionclimaticaplaca.org\/en\/placa-destaco-la-gestion-de-informacion-como-pilar-clave-para-estrategias-integradas-en-la-gestion-del-agua-en-america-latina-y-el-caribe\/","og_site_name":"Plataforma de Acci\u00f3n Clim\u00e1tica PLACA","article_published_time":"2023-10-31T00:34:27+00:00","article_modified_time":"2023-11-21T02:07:03+00:00","og_image":[{"width":799,"height":521,"url":"https:\/\/accionclimaticaplaca.org\/wp-content\/uploads\/2023\/10\/53282369246_e804d12af1_c.jpg","type":"image\/jpeg"}],"author":"Mercy Anahi Quintero","twitter_card":"summary_large_image","twitter_misc":{"Written by":"Mercy Anahi Quintero","Est. reading time":"2 minutes"},"schema":{"@context":"https:\/\/schema.org","@graph":[{"@type":"Article","@id":"https:\/\/accionclimaticaplaca.org\/placa-destaco-la-gestion-de-informacion-como-pilar-clave-para-estrategias-integradas-en-la-gestion-del-agua-en-america-latina-y-el-caribe\/#article","isPartOf":{"@id":"https:\/\/accionclimaticaplaca.org\/placa-destaco-la-gestion-de-informacion-como-pilar-clave-para-estrategias-integradas-en-la-gestion-del-agua-en-america-latina-y-el-caribe\/"},"author":{"name":"Mercy Anahi Quintero","@id":"https:\/\/accionclimaticaplaca.org\/#\/schema\/person\/188637873c39dacbf03a63971c722501"},"headline":"PLACA destac\u00f3 la gesti\u00f3n de informaci\u00f3n como pilar clave para estrategias integradas en la gesti\u00f3n del agua en Am\u00e9rica Latina y el Caribe","datePublished":"2023-10-31T00:34:27+00:00","dateModified":"2023-11-21T02:07:03+00:00","mainEntityOfPage":{"@id":"https:\/\/accionclimaticaplaca.org\/placa-destaco-la-gestion-de-informacion-como-pilar-clave-para-estrategias-integradas-en-la-gestion-del-agua-en-america-latina-y-el-caribe\/"},"wordCount":428,"publisher":{"@id":"https:\/\/accionclimaticaplaca.org\/#organization"},"image":{"@id":"https:\/\/accionclimaticaplaca.org\/placa-destaco-la-gestion-de-informacion-como-pilar-clave-para-estrategias-integradas-en-la-gestion-del-agua-en-america-latina-y-el-caribe\/#primaryimage"},"thumbnailUrl":"https:\/\/accionclimaticaplaca.org\/wp-content\/uploads\/2023\/10\/53282369246_e804d12af1_c.jpg","articleSection":["Noticias"],"inLanguage":"en-US"},{"@type":"WebPage","@id":"https:\/\/accionclimaticaplaca.org\/placa-destaco-la-gestion-de-informacion-como-pilar-clave-para-estrategias-integradas-en-la-gestion-del-agua-en-america-latina-y-el-caribe\/","url":"https:\/\/accionclimaticaplaca.org\/placa-destaco-la-gestion-de-informacion-como-pilar-clave-para-estrategias-integradas-en-la-gestion-del-agua-en-america-latina-y-el-caribe\/","name":"PLACA destac\u00f3 la gesti\u00f3n de informaci\u00f3n como pilar clave para estrategias integradas en la gesti\u00f3n del agua en Am\u00e9rica Latina y el Caribe - Plataforma de Acci\u00f3n Clim\u00e1tica PLACA","isPartOf":{"@id":"https:\/\/accionclimaticaplaca.org\/#website"},"primaryImageOfPage":{"@id":"https:\/\/accionclimaticaplaca.org\/placa-destaco-la-gestion-de-informacion-como-pilar-clave-para-estrategias-integradas-en-la-gestion-del-agua-en-america-latina-y-el-caribe\/#primaryimage"},"image":{"@id":"https:\/\/accionclimaticaplaca.org\/placa-destaco-la-gestion-de-informacion-como-pilar-clave-para-estrategias-integradas-en-la-gestion-del-agua-en-america-latina-y-el-caribe\/#primaryimage"},"thumbnailUrl":"https:\/\/accionclimaticaplaca.org\/wp-content\/uploads\/2023\/10\/53282369246_e804d12af1_c.jpg","datePublished":"2023-10-31T00:34:27+00:00","dateModified":"2023-11-21T02:07:03+00:00","description":"The Platform for Climate Action in Agriculture for Latin America and the Caribbean (PLACA) participated in the Climate Week 2023 held in October in Panama City.","breadcrumb":{"@id":"https:\/\/accionclimaticaplaca.org\/placa-destaco-la-gestion-de-informacion-como-pilar-clave-para-estrategias-integradas-en-la-gestion-del-agua-en-america-latina-y-el-caribe\/#breadcrumb"},"inLanguage":"en-US","potentialAction":[{"@type":"ReadAction","target":["https:\/\/accionclimaticaplaca.org\/placa-destaco-la-gestion-de-informacion-como-pilar-clave-para-estrategias-integradas-en-la-gestion-del-agua-en-america-latina-y-el-caribe\/"]}]},{"@type":"ImageObject","inLanguage":"en-US","@id":"https:\/\/accionclimaticaplaca.org\/placa-destaco-la-gestion-de-informacion-como-pilar-clave-para-estrategias-integradas-en-la-gestion-del-agua-en-america-latina-y-el-caribe\/#primaryimage","url":"https:\/\/accionclimaticaplaca.org\/wp-content\/uploads\/2023\/10\/53282369246_e804d12af1_c.jpg","contentUrl":"https:\/\/accionclimaticaplaca.org\/wp-content\/uploads\/2023\/10\/53282369246_e804d12af1_c.jpg","width":799,"height":521},{"@type":"BreadcrumbList","@id":"https:\/\/accionclimaticaplaca.org\/placa-destaco-la-gestion-de-informacion-como-pilar-clave-para-estrategias-integradas-en-la-gestion-del-agua-en-america-latina-y-el-caribe\/#breadcrumb","itemListElement":[{"@type":"ListItem","position":1,"name":"Portada","item":"https:\/\/accionclimaticaplaca.org\/"},{"@type":"ListItem","position":2,"name":"PLACA destac\u00f3 la gesti\u00f3n de informaci\u00f3n como pilar clave para estrategias integradas en la gesti\u00f3n del agua en Am\u00e9rica Latina y el Caribe"}]},{"@type":"WebSite","@id":"https:\/\/accionclimaticaplaca.org\/#website","url":"https:\/\/accionclimaticaplaca.org\/","name":"Plataforma de Acci\u00f3n Clim\u00e1tica PLACA","description":"Platform of Latin America and the Caribbean for Climate Action on Agriculture","publisher":{"@id":"https:\/\/accionclimaticaplaca.org\/#organization"},"potentialAction":[{"@type":"SearchAction","target":{"@type":"EntryPoint","urlTemplate":"https:\/\/accionclimaticaplaca.org\/?s={search_term_string}"},"query-input":{"@type":"PropertyValueSpecification","valueRequired":true,"valueName":"search_term_string"}}],"inLanguage":"en-US"},{"@type":"Organization","@id":"https:\/\/accionclimaticaplaca.org\/#organization","name":"Food and Agriculture Organization","url":"https:\/\/accionclimaticaplaca.org\/","logo":{"@type":"ImageObject","inLanguage":"en-US","@id":"https:\/\/accionclimaticaplaca.org\/#\/schema\/logo\/image\/","url":"https:\/\/accionclimaticaplaca.org\/wp-content\/uploads\/2021\/11\/gif_placa_esp.gif","contentUrl":"https:\/\/accionclimaticaplaca.org\/wp-content\/uploads\/2021\/11\/gif_placa_esp.gif","width":1000,"height":1000,"caption":"Food and Agriculture Organization"},"image":{"@id":"https:\/\/accionclimaticaplaca.org\/#\/schema\/logo\/image\/"}},{"@type":"Person","@id":"https:\/\/accionclimaticaplaca.org\/#\/schema\/person\/188637873c39dacbf03a63971c722501","name":"Mercy Anahi Quintero","url":"http:\/\/accionclimaticaplaca.org\/en\/author\/mercy-quinterofao-org\/"}]}},"_links":{"self":[{"href":"http:\/\/accionclimaticaplaca.org\/en\/wp-json\/wp\/v2\/posts\/9142","targetHints":{"allow":["GET"]}}],"collection":[{"href":"http:\/\/accionclimaticaplaca.org\/en\/wp-json\/wp\/v2\/posts"}],"about":[{"href":"http:\/\/accionclimaticaplaca.org\/en\/wp-json\/wp\/v2\/types\/post"}],"author":[{"embeddable":true,"href":"http:\/\/accionclimaticaplaca.org\/en\/wp-json\/wp\/v2\/users\/5"}],"replies":[{"embeddable":true,"href":"http:\/\/accionclimaticaplaca.org\/en\/wp-json\/wp\/v2\/comments?post=9142"}],"version-history":[{"count":8,"href":"http:\/\/accionclimaticaplaca.org\/en\/wp-json\/wp\/v2\/posts\/9142\/revisions"}],"predecessor-version":[{"id":9272,"href":"http:\/\/accionclimaticaplaca.org\/en\/wp-json\/wp\/v2\/posts\/9142\/revisions\/9272"}],"wp:featuredmedia":[{"embeddable":true,"href":"http:\/\/accionclimaticaplaca.org\/en\/wp-json\/wp\/v2\/media\/9144"}],"wp:attachment":[{"href":"http:\/\/accionclimaticaplaca.org\/en\/wp-json\/wp\/v2\/media?parent=9142"}],"wp:term":[{"taxonomy":"category","embeddable":true,"href":"http:\/\/accionclimaticaplaca.org\/en\/wp-json\/wp\/v2\/categories?post=9142"},{"taxonomy":"post_tag","embeddable":true,"href":"http:\/\/accionclimaticaplaca.org\/en\/wp-json\/wp\/v2\/tags?post=9142"}],"curies":[{"name":"wp","href":"https:\/\/api.w.org\/{rel}","templated":true}]}}